{"id":1422,"date":"2018-04-13T09:20:00","date_gmt":"2018-04-13T07:20:00","guid":{"rendered":"https:\/\/tuzlanskaamica.com\/?p=1422"},"modified":"2018-04-16T09:30:06","modified_gmt":"2018-04-16T07:30:06","slug":"kuca-plamena-mira-tuzla-bosna-i-hercegovina","status":"publish","type":"post","link":"https:\/\/tuzlanskaamica.ba\/it\/kuca-plamena-mira-tuzla-bosna-i-hercegovina\/","title":{"rendered":"II workshop del progetto Artist@works"},"content":{"rendered":"<p><strong>16 \u2013 20 aprile 2018.<\/strong><\/p>\n<p>Dal 29 gennaio al 2 febbraio la Casa della Fiamma della Pace di Tuzla ha ospitato giovani artisti provenienti da tutta la Bosnia-Erzegovina che, nell&#039;ambito del progetto Artists@Work, hanno creato opere d&#039;arte sul tema dell&#039;ingiustizia sociale.<\/p>\n<p>Questo interessante progetto artistico in Bosnia-Erzegovina \u00e8 realizzato dall&#039;associazione Tuzlanska Amica in collaborazione con i partner &quot;Fondazione Unipolis&quot; come capofila del progetto, &quot;Cinemovel Foundation&quot; e &quot;Libera Associazioni&quot; dall&#039;Italia e &quot;Les Ateliers Varan&quot; dalla Francia, con il sostegno dell&#039;Unione Europea attraverso il programma &quot;Europa Creativa&quot;. Il progetto \u00e8 stato sostenuto dalla Citt\u00e0 di Tuzla e dalla Casa della Fiamma della Pace, che hanno messo a disposizione gratuitamente lo spazio.<\/p>\n<p>Dopo il primo ciclo, possiamo concludere che non mancano l&#039;entusiasmo e la volont\u00e0 di contribuire alla lotta per la giustizia sociale attraverso la creazione di opere d&#039;arte.<\/p>\n<p>Durante il primo workshop, ai partecipanti \u00e8 stato chiesto di creare delle descrizioni sommarie di argomenti che ritenevano interessanti. Si sono tenute discussioni creative e costruttive sui temi su cui lavoreranno i partecipanti. I giovani artisti hanno espresso soddisfazione per la disponibilit\u00e0 dei formatori provenienti dalla Bosnia-Erzegovina, dalla Francia e dall&#039;Italia ad aiutarli a mettere in pratica le loro idee nel modo pi\u00f9 semplice possibile.<\/p>\n<p>Dopo il completamento del primo ciclo di workshop in tutti i paesi partner, la piattaforma web www.artists-work.eu \u00e8 diventata un centro di scambio di informazioni e idee tra tutti i partecipanti, formatori e organizzatori di tutti i paesi partecipanti.<\/p>\n<p>Attraverso questa piattaforma, i partecipanti hanno gi\u00e0 delineato quali saranno i temi delle loro opere e sono ben preparati a sviluppare idee artistiche durante il secondo ciclo di workshop ad aprile.<\/p>\n<p>Il giornalista e fumettista italiano Pietro Scarnera, uno dei formatori del laboratorio di fumetto, ha affermato che attraverso i fumetti possiamo benissimo affrontare temi sociali. &quot;Sono contento che i partecipanti al workshop qui a Tuzla abbiano delle idee davvero buone. Noi allenatori li aiuteremo a realizzarli. &quot;Uno degli obiettivi principali di questo progetto \u00e8 quello di mettere in contatto persone provenienti dalla Bosnia-Erzegovina, dalla Francia e dall&#039;Italia&quot;, ha affermato Scarnera.<\/p>\n<p>Il laboratorio di caricatura di Tuzla \u00e8 condotto da Dejan Slavuljica, laureato in grafica, illustratore e assistente presso l&#039;Accademia di Belle Arti di Sarajevo.<\/p>\n<p>Il workshop di fotografia \u00e8 condotto da Munever Salihovi\u0107, fotografa e designer professionista di Tuzla, e St\u00e9phane Charpentier, fotografo professionista francese.<\/p>\n<p>Secondo Munever Salihovi\u0107, i partecipanti a questi workshop hanno l&#039;opportunit\u00e0 di &quot;raccogliere&quot; conoscenze nel modo giusto, ovvero in prima persona, da persone che hanno alle spalle carriere invidiabili. &quot;Sono certo che gi\u00e0 nel primo workshop siamo riusciti ad ampliare i confini della conoscenza e abbiamo addirittura &quot;aperto&quot; a molti partecipanti la strada della creazione di una propria carriera, che pu\u00f2 essere sicuramente promettente nel nostro Paese&quot;, ha sottolineato Munever Salihovi\u0107 durante il primo workshop.<\/p>\n<p>Il progetto Artists@Work riunisce 120 artisti provenienti da Italia, Francia e Bosnia-Erzegovina, che realizzeranno opere d&#039;arte originali sul tema dell&#039;ingiustizia sociale, della lotta all&#039;usura, alla criminalit\u00e0 organizzata e alla corruzione, della tutela dei diritti umani e di altri argomenti che affliggono la nostra societ\u00e0.<\/p>\n<p>Il progetto intitolato \u201cArtists@Work \u2013 Creativit\u00e0 per la giustizia e l\u2019equit\u00e0 in Europa\u201d \u00e8 sostenuto dall\u2019Unione Europea attraverso il programma \u201cEuropa creativa\u201d.<\/p>","protected":false},"excerpt":{"rendered":"<p>16. &#8211; 20. april 2018. Ku\u0107a plamena mira u Tuzli je u periodu od 29. januara do 02. februara bila doma\u0107in mladim umjetnicima iz cijele BiH koji u sklopu projekta Artists@Work stvaraju umjetni\u010dka djela na temu socijalne nepravde. Ovaj zanimljiv umjetni\u010dki projekat u BiH realizira udru\u017eenje Tuzlanska Amica u saradnji sa partnerima \u201cFondazione Unipolis\u201d kao [&hellip;]<\/p>","protected":false},"author":1,"featured_media":1426,"comment_status":"closed","ping_status":"closed","sticky":false,"template":"","format":"standard","meta":{"footnotes":""},"categories":[57],"tags":[],"class_list":["post-1422","post","type-post","status-publish","format-standard","has-post-thumbnail","hentry","category-novosti"],"_links":{"self":[{"href":"https:\/\/tuzlanskaamica.ba\/it\/wp-json\/wp\/v2\/posts\/1422","targetHints":{"allow":["GET"]}}],"collection":[{"href":"https:\/\/tuzlanskaamica.ba\/it\/wp-json\/wp\/v2\/posts"}],"about":[{"href":"https:\/\/tuzlanskaamica.ba\/it\/wp-json\/wp\/v2\/types\/post"}],"author":[{"embeddable":true,"href":"https:\/\/tuzlanskaamica.ba\/it\/wp-json\/wp\/v2\/users\/1"}],"replies":[{"embeddable":true,"href":"https:\/\/tuzlanskaamica.ba\/it\/wp-json\/wp\/v2\/comments?post=1422"}],"version-history":[{"count":4,"href":"https:\/\/tuzlanskaamica.ba\/it\/wp-json\/wp\/v2\/posts\/1422\/revisions"}],"predecessor-version":[{"id":1498,"href":"https:\/\/tuzlanskaamica.ba\/it\/wp-json\/wp\/v2\/posts\/1422\/revisions\/1498"}],"wp:featuredmedia":[{"embeddable":true,"href":"https:\/\/tuzlanskaamica.ba\/it\/wp-json\/wp\/v2\/media\/1426"}],"wp:attachment":[{"href":"https:\/\/tuzlanskaamica.ba\/it\/wp-json\/wp\/v2\/media?parent=1422"}],"wp:term":[{"taxonomy":"category","embeddable":true,"href":"https:\/\/tuzlanskaamica.ba\/it\/wp-json\/wp\/v2\/categories?post=1422"},{"taxonomy":"post_tag","embeddable":true,"href":"https:\/\/tuzlanskaamica.ba\/it\/wp-json\/wp\/v2\/tags?post=1422"}],"curies":[{"name":"parola chiave","href":"https:\/\/api.w.org\/{rel}","templated":true}]}}