{"id":1892,"date":"2024-11-19T18:42:43","date_gmt":"2024-11-19T17:42:43","guid":{"rendered":"https:\/\/tuzlanskaamica.ba\/?p=1892"},"modified":"2025-03-28T00:02:06","modified_gmt":"2025-03-27T23:02:06","slug":"informiramo-preveniramo-doniramo","status":"publish","type":"post","link":"https:\/\/tuzlanskaamica.ba\/it\/informiramo-preveniramo-doniramo\/","title":{"rendered":"&quot;INFORMIAMO - PREVENIAMO - DONIAMO&quot;"},"content":{"rendered":"<p>L&#039;Associazione Tuzla Amica fornisce sostegno psicosociale, sostegno alle categorie vulnerabili della popolazione, sia domiciliate che rimpatriate. Fornisce sostegno abitativo ai giovani che si trovano in uno stato di adattamento transitorio dalle Case per bambini senza cure genitoriali attraverso un approccio multidisciplinare. Mira a promuovere il dialogo e la risoluzione non violenta dei conflitti, nonch\u00e9 il processo di riconciliazione.<\/p>\n<p>Attraverso un\u2019informazione tempestiva, migliorer\u00e0 la qualit\u00e0 della vita delle famiglie socio-economicamente svantaggiate e si aiuter\u00e0 a reintegrare i bambini e i giovani che si trovano in aree remote e che non possono ricevere sostegno nelle loro comunit\u00e0 locali.<\/p>\n<p>Sono state incluse 36 famiglie dell&#039;area selezionata che versano in stato di bisogno sociale.<\/p>\n<p>Ogni famiglia coinvolta nelle nostre attivit\u00e0 \u00e8 una storia triste che richiede un&#039;attenzione speciale. Le famiglie affrontano difficolt\u00e0 socioeconomiche ed \u00e8 noto che lo status socioeconomico gioca un ruolo significativo nella vita della famiglia, determinandone la direzione e la qualit\u00e0 della crescita dei figli. Con questo progetto, distribuendo pacchi (prodotti alimentari come farina, zucchero, pasta, riso, olio e conserve, oltre a prodotti per l&#039;igiene), contribuiremo a migliorare le relazioni familiari e ad avere un sorriso migliore a scuola. Aiuteremmo le famiglie e ridurremmo le loro preoccupazioni quotidiane per una vita pi\u00f9 facile, allo stesso tempo, attraverso il lavoro sul campo, i nostri volontari fornirebbero informazioni di base che contribuirebbero a una pi\u00f9 facile commercializzazione dei prodotti se sono impegnati in agricoltura come volont\u00e0 di essere informati sul libero mercato del lavoro.<\/p>\n<p>La realizzazione del progetto \u00e8 prevista per novembre\/dicembre 2024.<\/p>\n<p>Il progetto \u00e8 sostenuto dal Ministero del Lavoro, delle Politiche Sociali e del Ritorno di TK.<\/p>\n<div id='gallery-1' class='gallery galleryid-1892 gallery-columns-3 gallery-size-thumbnail'><figure class='gallery-item'>\n\t\t\t<div class='gallery-icon portrait'>\n\t\t\t\t<a href='https:\/\/tuzlanskaamica.ba\/wp-content\/uploads\/2024\/11\/projekat-idp-2.jpg'><img decoding=\"async\" width=\"150\" height=\"150\" src=\"https:\/\/tuzlanskaamica.ba\/wp-content\/uploads\/2024\/11\/projekat-idp-2-150x150.jpg\" class=\"attachment-thumbnail size-thumbnail\" alt=\"\" srcset=\"https:\/\/tuzlanskaamica.ba\/wp-content\/uploads\/2024\/11\/projekat-idp-2-150x150.jpg 150w, https:\/\/tuzlanskaamica.ba\/wp-content\/uploads\/2024\/11\/projekat-idp-2-300x300.jpg 300w, https:\/\/tuzlanskaamica.ba\/wp-content\/uploads\/2024\/11\/projekat-idp-2-800x800.jpg 800w\" sizes=\"(max-width: 150px) 100vw, 150px\" \/><\/a>\n\t\t\t<\/div><\/figure><figure class='gallery-item'>\n\t\t\t<div class='gallery-icon landscape'>\n\t\t\t\t<a href='https:\/\/tuzlanskaamica.ba\/wp-content\/uploads\/2024\/11\/slike-za-informiramo-doniramo-preveniramo.jpg'><img decoding=\"async\" width=\"150\" height=\"150\" src=\"https:\/\/tuzlanskaamica.ba\/wp-content\/uploads\/2024\/11\/slike-za-informiramo-doniramo-preveniramo-150x150.jpg\" class=\"attachment-thumbnail size-thumbnail\" alt=\"\" srcset=\"https:\/\/tuzlanskaamica.ba\/wp-content\/uploads\/2024\/11\/slike-za-informiramo-doniramo-preveniramo-150x150.jpg 150w, https:\/\/tuzlanskaamica.ba\/wp-content\/uploads\/2024\/11\/slike-za-informiramo-doniramo-preveniramo-300x300.jpg 300w\" sizes=\"(max-width: 150px) 100vw, 150px\" \/><\/a>\n\t\t\t<\/div><\/figure>\n\t\t<\/div>\n\n<p>&nbsp;<\/p>","protected":false},"excerpt":{"rendered":"<p>Udru\u017eenje Tuzlanska Amica pru\u017ea psihosocijalnu podr\u0161ku, podr\u0161ku ugro\u017eenim kategorijama stanovni\u0161tva kako domicilnim tako i povratnicima. Mladim osobama koji su u stanju tranzicijske prilagodbe iz Domova za djecu bez roditeljskog staranja pru\u017ea podr\u0161ku pri stanovanju kroz multidisciplinaran pristup. Te\u017ei ka promociji dijaloga i nenasilnog rje\u0161avanja konflikta, te procesu pomirenja. Pravovoremenom informacijom kroz projekat \u0107e biti unaprije\u0111en [&hellip;]<\/p>","protected":false},"author":1,"featured_media":1893,"comment_status":"closed","ping_status":"closed","sticky":false,"template":"","format":"standard","meta":{"footnotes":""},"categories":[58],"tags":[],"class_list":["post-1892","post","type-post","status-publish","format-standard","has-post-thumbnail","hentry","category-zavrseni-projekti"],"_links":{"self":[{"href":"https:\/\/tuzlanskaamica.ba\/it\/wp-json\/wp\/v2\/posts\/1892","targetHints":{"allow":["GET"]}}],"collection":[{"href":"https:\/\/tuzlanskaamica.ba\/it\/wp-json\/wp\/v2\/posts"}],"about":[{"href":"https:\/\/tuzlanskaamica.ba\/it\/wp-json\/wp\/v2\/types\/post"}],"author":[{"embeddable":true,"href":"https:\/\/tuzlanskaamica.ba\/it\/wp-json\/wp\/v2\/users\/1"}],"replies":[{"embeddable":true,"href":"https:\/\/tuzlanskaamica.ba\/it\/wp-json\/wp\/v2\/comments?post=1892"}],"version-history":[{"count":1,"href":"https:\/\/tuzlanskaamica.ba\/it\/wp-json\/wp\/v2\/posts\/1892\/revisions"}],"predecessor-version":[{"id":1896,"href":"https:\/\/tuzlanskaamica.ba\/it\/wp-json\/wp\/v2\/posts\/1892\/revisions\/1896"}],"wp:featuredmedia":[{"embeddable":true,"href":"https:\/\/tuzlanskaamica.ba\/it\/wp-json\/wp\/v2\/media\/1893"}],"wp:attachment":[{"href":"https:\/\/tuzlanskaamica.ba\/it\/wp-json\/wp\/v2\/media?parent=1892"}],"wp:term":[{"taxonomy":"category","embeddable":true,"href":"https:\/\/tuzlanskaamica.ba\/it\/wp-json\/wp\/v2\/categories?post=1892"},{"taxonomy":"post_tag","embeddable":true,"href":"https:\/\/tuzlanskaamica.ba\/it\/wp-json\/wp\/v2\/tags?post=1892"}],"curies":[{"name":"parola chiave","href":"https:\/\/api.w.org\/{rel}","templated":true}]}}