{"id":1915,"date":"2025-01-14T15:58:31","date_gmt":"2025-01-14T14:58:31","guid":{"rendered":"https:\/\/tuzlanskaamica.ba\/?p=1915"},"modified":"2025-01-14T15:58:31","modified_gmt":"2025-01-14T14:58:31","slug":"novogodisnja-predstava-i-podjela-paketica-za-djecu","status":"publish","type":"post","link":"https:\/\/tuzlanskaamica.ba\/it\/novogodisnja-predstava-i-podjela-paketica-za-djecu\/","title":{"rendered":"Spettacolo di Capodanno e distribuzione di pacchetti per bambini"},"content":{"rendered":"<p>Nell&#039;ambito delle vacanze di Capodanno, l&#039;associazione &quot;Tuzlanska Amica&quot; ha organizzato uno spettacolo di Capodanno e la distribuzione di pacchetti per i figli dei beneficiari della nostra associazione.<\/p>\n<p>L&#039;esecuzione e la distribuzione dei pacchetti \u00e8 stata organizzata ed eseguita il 28.12.2024. anno.<\/p>\n<p>Abbiamo accontentato circa 80 bambini che frequentano abitualmente la nostra associazione.<\/p>\n<p>I pacchi sono stati forniti grazie alle donazioni dell&#039;amministrazione comunale di Tuzla, della ditta Deling doo Tuzla e della macelleria Menprom doo Tuzla.<\/p>\n<p>A nome di tutti i dipendenti dell&#039;associazione Tuzlanska Amica e degli utenti dei nostri servizi, vorremmo esprimere la nostra grande gratitudine all&#039;amministrazione comunale della citt\u00e0 di Tuzla e al sindaco Zijad Lugavic, alla societ\u00e0 Deling doo Tuzla e alla macelleria Menprom doo Tuzla per i fondi stanziati per i pacchetti.<\/p>\n<p><strong>Siamo estremamente grati che ci abbiano permesso di rendere felici i nostri piccoli e di mettere innumerevoli sorrisi sui loro volti! <\/strong><\/p>\n<p>Speriamo sinceramente in una cooperazione futura.<\/p>\n<div id='gallery-1' class='gallery galleryid-1915 gallery-columns-3 gallery-size-thumbnail'><figure class='gallery-item'>\n\t\t\t<div class='gallery-icon landscape'>\n\t\t\t\t<a href='https:\/\/tuzlanskaamica.ba\/wp-content\/uploads\/2025\/01\/novogodisnji-paketici-1.jpg'><img decoding=\"async\" width=\"150\" height=\"150\" src=\"https:\/\/tuzlanskaamica.ba\/wp-content\/uploads\/2025\/01\/novogodisnji-paketici-1-150x150.jpg\" class=\"attachment-thumbnail size-thumbnail\" alt=\"\" srcset=\"https:\/\/tuzlanskaamica.ba\/wp-content\/uploads\/2025\/01\/novogodisnji-paketici-1-150x150.jpg 150w, https:\/\/tuzlanskaamica.ba\/wp-content\/uploads\/2025\/01\/novogodisnji-paketici-1-300x300.jpg 300w, https:\/\/tuzlanskaamica.ba\/wp-content\/uploads\/2025\/01\/novogodisnji-paketici-1-800x800.jpg 800w\" sizes=\"(max-width: 150px) 100vw, 150px\" \/><\/a>\n\t\t\t<\/div><\/figure><figure class='gallery-item'>\n\t\t\t<div class='gallery-icon landscape'>\n\t\t\t\t<a href='https:\/\/tuzlanskaamica.ba\/wp-content\/uploads\/2025\/01\/novogodisnji-paketici-2.jpg'><img decoding=\"async\" width=\"150\" height=\"150\" src=\"https:\/\/tuzlanskaamica.ba\/wp-content\/uploads\/2025\/01\/novogodisnji-paketici-2-150x150.jpg\" class=\"attachment-thumbnail size-thumbnail\" alt=\"\" srcset=\"https:\/\/tuzlanskaamica.ba\/wp-content\/uploads\/2025\/01\/novogodisnji-paketici-2-150x150.jpg 150w, https:\/\/tuzlanskaamica.ba\/wp-content\/uploads\/2025\/01\/novogodisnji-paketici-2-300x300.jpg 300w, https:\/\/tuzlanskaamica.ba\/wp-content\/uploads\/2025\/01\/novogodisnji-paketici-2-800x800.jpg 800w\" sizes=\"(max-width: 150px) 100vw, 150px\" \/><\/a>\n\t\t\t<\/div><\/figure><figure class='gallery-item'>\n\t\t\t<div class='gallery-icon landscape'>\n\t\t\t\t<a href='https:\/\/tuzlanskaamica.ba\/wp-content\/uploads\/2025\/01\/novogodisnji-paketici.jpg'><img decoding=\"async\" width=\"150\" height=\"150\" src=\"https:\/\/tuzlanskaamica.ba\/wp-content\/uploads\/2025\/01\/novogodisnji-paketici-150x150.jpg\" class=\"attachment-thumbnail size-thumbnail\" alt=\"\" srcset=\"https:\/\/tuzlanskaamica.ba\/wp-content\/uploads\/2025\/01\/novogodisnji-paketici-150x150.jpg 150w, https:\/\/tuzlanskaamica.ba\/wp-content\/uploads\/2025\/01\/novogodisnji-paketici-300x300.jpg 300w, https:\/\/tuzlanskaamica.ba\/wp-content\/uploads\/2025\/01\/novogodisnji-paketici-800x800.jpg 800w\" sizes=\"(max-width: 150px) 100vw, 150px\" \/><\/a>\n\t\t\t<\/div><\/figure>\n\t\t<\/div>","protected":false},"excerpt":{"rendered":"<p>Udru\u017eenje \u201eTuzlanska Amica\u201c je u sklopu Novogodi\u0161njih praznika organizovalo Novogodi\u0161nju predstavu i podjelu paketi\u0107a za djecu korisnike na\u0161eg udru\u017eenja. Predstava i podjela paketi\u0107a je organizovana\u00a0 i izvedena 28.12.2024. godine. Obradovali smo oko 80 mali\u0161ana koji su redovni korisnici na\u0161eg udru\u017eenja. Paketi\u0107i su obezbije\u0111eni iz donacija Gradske uprave grada Tuzla, kompanije Deling d.o.o Tuzla i mesnice [&hellip;]<\/p>","protected":false},"author":1,"featured_media":1918,"comment_status":"closed","ping_status":"closed","sticky":false,"template":"","format":"standard","meta":{"footnotes":""},"categories":[57],"tags":[],"class_list":["post-1915","post","type-post","status-publish","format-standard","has-post-thumbnail","hentry","category-novosti"],"_links":{"self":[{"href":"https:\/\/tuzlanskaamica.ba\/it\/wp-json\/wp\/v2\/posts\/1915","targetHints":{"allow":["GET"]}}],"collection":[{"href":"https:\/\/tuzlanskaamica.ba\/it\/wp-json\/wp\/v2\/posts"}],"about":[{"href":"https:\/\/tuzlanskaamica.ba\/it\/wp-json\/wp\/v2\/types\/post"}],"author":[{"embeddable":true,"href":"https:\/\/tuzlanskaamica.ba\/it\/wp-json\/wp\/v2\/users\/1"}],"replies":[{"embeddable":true,"href":"https:\/\/tuzlanskaamica.ba\/it\/wp-json\/wp\/v2\/comments?post=1915"}],"version-history":[{"count":1,"href":"https:\/\/tuzlanskaamica.ba\/it\/wp-json\/wp\/v2\/posts\/1915\/revisions"}],"predecessor-version":[{"id":1919,"href":"https:\/\/tuzlanskaamica.ba\/it\/wp-json\/wp\/v2\/posts\/1915\/revisions\/1919"}],"wp:featuredmedia":[{"embeddable":true,"href":"https:\/\/tuzlanskaamica.ba\/it\/wp-json\/wp\/v2\/media\/1918"}],"wp:attachment":[{"href":"https:\/\/tuzlanskaamica.ba\/it\/wp-json\/wp\/v2\/media?parent=1915"}],"wp:term":[{"taxonomy":"category","embeddable":true,"href":"https:\/\/tuzlanskaamica.ba\/it\/wp-json\/wp\/v2\/categories?post=1915"},{"taxonomy":"post_tag","embeddable":true,"href":"https:\/\/tuzlanskaamica.ba\/it\/wp-json\/wp\/v2\/tags?post=1915"}],"curies":[{"name":"parola chiave","href":"https:\/\/api.w.org\/{rel}","templated":true}]}}