{"id":1973,"date":"2025-10-08T14:47:38","date_gmt":"2025-10-08T12:47:38","guid":{"rendered":"https:\/\/tuzlanskaamica.ba\/?p=1973"},"modified":"2025-10-08T14:49:26","modified_gmt":"2025-10-08T12:49:26","slug":"sedmica-djecijih-prava","status":"publish","type":"post","link":"https:\/\/tuzlanskaamica.ba\/it\/sedmica-djecijih-prava\/","title":{"rendered":"Settimana dei diritti dei bambini"},"content":{"rendered":"<p>In occasione della Settimana dei Diritti dell&#039;Infanzia, la nostra associazione ha organizzato laboratori creativi con i bambini sul tema dei loro diritti, bisogni e responsabilit\u00e0. Attraverso il gioco, il disegno e la conversazione, i bambini hanno avuto l&#039;opportunit\u00e0 di esprimere le proprie opinioni, conoscere i diritti all&#039;istruzione, alla protezione, al gioco e alla famiglia, e sviluppare un senso di rispetto reciproco e solidariet\u00e0.<\/p>\n<p>I laboratori hanno offerto ai bambini l&#039;opportunit\u00e0 di apprendere in modo ravvicinato e stimolante che ogni bambino ha diritto a un&#039;infanzia sicura, solidale e felice e che la sua voce \u00e8 importante e degna di attenzione.<\/p>\n<p><img fetchpriority=\"high\" decoding=\"async\" class=\"aligncenter wp-image-1975\" src=\"https:\/\/tuzlanskaamica.ba\/wp-content\/uploads\/2025\/10\/Slika-2-300x300.jpg\" alt=\"\" width=\"593\" height=\"593\" srcset=\"https:\/\/tuzlanskaamica.ba\/wp-content\/uploads\/2025\/10\/Slika-2-300x300.jpg 300w, https:\/\/tuzlanskaamica.ba\/wp-content\/uploads\/2025\/10\/Slika-2-150x150.jpg 150w, https:\/\/tuzlanskaamica.ba\/wp-content\/uploads\/2025\/10\/Slika-2-800x800.jpg 800w\" sizes=\"(max-width: 593px) 100vw, 593px\" \/><\/p>","protected":false},"excerpt":{"rendered":"<p>Povodom Sedmice dje\u010dijih prava, u na\u0161em udru\u017eenju odr\u017eane su kreativne radionice sa djecom na temu njihovih prava, potreba i odgovornosti. Kroz igru, crte\u017e i razgovor, djeca su imala priliku izraziti svoje mi\u0161ljenje, u\u010diti o pravima na obrazovanje, za\u0161titu, igru i porodicu, te razvijati osje\u0107aj me\u0111usobnog po\u0161tovanja i solidarnosti. Radionice su pru\u017eile priliku da djeca na [&hellip;]<\/p>","protected":false},"author":1,"featured_media":1974,"comment_status":"closed","ping_status":"closed","sticky":false,"template":"","format":"standard","meta":{"footnotes":""},"categories":[57],"tags":[],"class_list":["post-1973","post","type-post","status-publish","format-standard","has-post-thumbnail","hentry","category-novosti"],"_links":{"self":[{"href":"https:\/\/tuzlanskaamica.ba\/it\/wp-json\/wp\/v2\/posts\/1973","targetHints":{"allow":["GET"]}}],"collection":[{"href":"https:\/\/tuzlanskaamica.ba\/it\/wp-json\/wp\/v2\/posts"}],"about":[{"href":"https:\/\/tuzlanskaamica.ba\/it\/wp-json\/wp\/v2\/types\/post"}],"author":[{"embeddable":true,"href":"https:\/\/tuzlanskaamica.ba\/it\/wp-json\/wp\/v2\/users\/1"}],"replies":[{"embeddable":true,"href":"https:\/\/tuzlanskaamica.ba\/it\/wp-json\/wp\/v2\/comments?post=1973"}],"version-history":[{"count":4,"href":"https:\/\/tuzlanskaamica.ba\/it\/wp-json\/wp\/v2\/posts\/1973\/revisions"}],"predecessor-version":[{"id":1979,"href":"https:\/\/tuzlanskaamica.ba\/it\/wp-json\/wp\/v2\/posts\/1973\/revisions\/1979"}],"wp:featuredmedia":[{"embeddable":true,"href":"https:\/\/tuzlanskaamica.ba\/it\/wp-json\/wp\/v2\/media\/1974"}],"wp:attachment":[{"href":"https:\/\/tuzlanskaamica.ba\/it\/wp-json\/wp\/v2\/media?parent=1973"}],"wp:term":[{"taxonomy":"category","embeddable":true,"href":"https:\/\/tuzlanskaamica.ba\/it\/wp-json\/wp\/v2\/categories?post=1973"},{"taxonomy":"post_tag","embeddable":true,"href":"https:\/\/tuzlanskaamica.ba\/it\/wp-json\/wp\/v2\/tags?post=1973"}],"curies":[{"name":"parola chiave","href":"https:\/\/api.w.org\/{rel}","templated":true}]}}