{"id":2199,"date":"2025-12-24T21:30:57","date_gmt":"2025-12-24T20:30:57","guid":{"rendered":"https:\/\/tuzlanskaamica.ba\/?p=2199"},"modified":"2025-12-24T21:30:57","modified_gmt":"2025-12-24T20:30:57","slug":"odrzan-okrugli-sto-prevencija-maloljetnickih-brakova","status":"publish","type":"post","link":"https:\/\/tuzlanskaamica.ba\/it\/odrzan-okrugli-sto-prevencija-maloljetnickih-brakova\/","title":{"rendered":"Si \u00e8 tenuta la tavola rotonda &quot;Prevenzione dei matrimoni minorili&quot;"},"content":{"rendered":"<p>Il progetto si \u00e8 concluso con successo con la realizzazione di una tavola rotonda sul tema della prevenzione dei matrimoni precoci. <strong>&quot;Insieme per una crescita sicura&quot;<\/strong>, che \u00e8 stato attuato dall&#039;Associazione nel periodo da luglio a dicembre 2025 <strong>&quot;Tuzla Amica&quot;<\/strong>, con il supporto finanziario <strong>Ministero del Lavoro, delle Politiche Sociali e del Ritorno del Cantone di Tuzla<\/strong>Il progetto mirava a ridurre il rischio che i giovani contraggano matrimoni precoci attraverso l&#039;istruzione, l&#039;emancipazione e la sensibilizzazione delle comunit\u00e0 locali.<\/p>\n<p>&nbsp;<\/p>\n<p>L&#039;obiettivo della tavola rotonda era presentare i risultati raggiunti dal progetto, scambiare esperienze tra le parti interessate e definire raccomandazioni per il proseguimento delle attivit\u00e0 preventive.<\/p>\n<p>&nbsp;<\/p>\n<p>L&#039;evento ha riunito 20 rappresentanti di istituzioni, del settore non governativo, di istituti scolastici, nonch\u00e9 rappresentanti dei genitori beneficiari del progetto: JU &quot;<em>Centro per il lavoro sociale<\/em>&#8221;\u00a0<em>Tuzla<\/em><em> (1), <\/em>Ministero degli Affari Interni del Cantone di Tuzla (1), Istituzione Pubblica Casa per Bambini Senza Custodi Genitoriali Tuzla (1), Istituzione Pubblica Scuola Elementare \u201cNovi Grad\u201d Tuzla (1), Istituzione Pubblica Scuola Elementare \u201cKreka\u201d Tuzla (4), Associazione \u201cTerra dei Bambini in BiH\u201d Tuzla (1), Fondazione Comunitaria di Tuzla (1), <em>Associazione per bambini e giovani in BiH Juventus<\/em> (1), Associazione &quot;Prijateljice&quot; Tuzla (1), Associazione per lo sviluppo NERDA (1), genitori (6) e istruzione prescolare (1).<\/p>\n<p><a href=\"https:\/\/novigrad.skolatk.edu.ba\/\"><br \/>\n<\/a>Nel corso della tavola rotonda sono stati presentati i principali risultati del progetto, che indicano un aumento del livello di conoscenza tra i giovani sulle conseguenze dannose dei matrimoni precoci, cambiamenti positivi negli atteggiamenti dei genitori e un rafforzamento della capacit\u00e0 degli attori locali di riconoscere e rispondere adeguatamente a questo problema sociale.<\/p>\n<p>Uno di <strong>conclusioni chiave<\/strong> l&#039;evento \u00e8 la necessit\u00e0 di <strong>formando,<\/strong> <strong>rafforzando<\/strong> E <strong>azione continua di team di esperti mobili<\/strong> che forniscono supporto alle famiglie a rischio, comprese quelle non coperte dal sistema di protezione sociale.<\/p>\n<div id='gallery-1' class='gallery galleryid-2199 gallery-columns-3 gallery-size-medium'><figure class='gallery-item'>\n\t\t\t<div class='gallery-icon landscape'>\n\t\t\t\t<a href='https:\/\/tuzlanskaamica.ba\/wp-content\/uploads\/2025\/12\/slika-2.jpg'><img fetchpriority=\"high\" decoding=\"async\" width=\"300\" height=\"300\" src=\"https:\/\/tuzlanskaamica.ba\/wp-content\/uploads\/2025\/12\/slika-2-300x300.jpg\" class=\"attachment-medium size-medium\" alt=\"\" srcset=\"https:\/\/tuzlanskaamica.ba\/wp-content\/uploads\/2025\/12\/slika-2-300x300.jpg 300w, https:\/\/tuzlanskaamica.ba\/wp-content\/uploads\/2025\/12\/slika-2-150x150.jpg 150w\" sizes=\"(max-width: 300px) 100vw, 300px\" \/><\/a>\n\t\t\t<\/div><\/figure><figure class='gallery-item'>\n\t\t\t<div class='gallery-icon landscape'>\n\t\t\t\t<a href='https:\/\/tuzlanskaamica.ba\/wp-content\/uploads\/2025\/12\/slika-1.jpg'><img decoding=\"async\" width=\"300\" height=\"300\" src=\"https:\/\/tuzlanskaamica.ba\/wp-content\/uploads\/2025\/12\/slika-1-300x300.jpg\" class=\"attachment-medium size-medium\" alt=\"\" srcset=\"https:\/\/tuzlanskaamica.ba\/wp-content\/uploads\/2025\/12\/slika-1-300x300.jpg 300w, https:\/\/tuzlanskaamica.ba\/wp-content\/uploads\/2025\/12\/slika-1-150x150.jpg 150w\" sizes=\"(max-width: 300px) 100vw, 300px\" \/><\/a>\n\t\t\t<\/div><\/figure>\n\t\t<\/div>","protected":false},"excerpt":{"rendered":"<p>Odr\u017eavanjem okruglog stola na temu prevencije maloljetni\u010dkih brakova uspje\u0161no je okon\u010dan projekat \u201eZajedno za sigurno odrastanje\u201c, koji je u periodu od jula do decembra 2025. godine implementiralo Udru\u017eenje \u201eTuzlanska Amica\u201c, uz finansijsku podr\u0161ku Ministarstva za rad, socijalnu politiku i povratak Tuzlanskog kantona. Projekat je imao za cilj smanjenje rizika stupanja mladih u rane brakove kroz [&hellip;]<\/p>","protected":false},"author":1,"featured_media":2201,"comment_status":"closed","ping_status":"closed","sticky":false,"template":"","format":"standard","meta":{"footnotes":""},"categories":[57],"tags":[],"class_list":["post-2199","post","type-post","status-publish","format-standard","has-post-thumbnail","hentry","category-novosti"],"_links":{"self":[{"href":"https:\/\/tuzlanskaamica.ba\/it\/wp-json\/wp\/v2\/posts\/2199","targetHints":{"allow":["GET"]}}],"collection":[{"href":"https:\/\/tuzlanskaamica.ba\/it\/wp-json\/wp\/v2\/posts"}],"about":[{"href":"https:\/\/tuzlanskaamica.ba\/it\/wp-json\/wp\/v2\/types\/post"}],"author":[{"embeddable":true,"href":"https:\/\/tuzlanskaamica.ba\/it\/wp-json\/wp\/v2\/users\/1"}],"replies":[{"embeddable":true,"href":"https:\/\/tuzlanskaamica.ba\/it\/wp-json\/wp\/v2\/comments?post=2199"}],"version-history":[{"count":1,"href":"https:\/\/tuzlanskaamica.ba\/it\/wp-json\/wp\/v2\/posts\/2199\/revisions"}],"predecessor-version":[{"id":2202,"href":"https:\/\/tuzlanskaamica.ba\/it\/wp-json\/wp\/v2\/posts\/2199\/revisions\/2202"}],"wp:featuredmedia":[{"embeddable":true,"href":"https:\/\/tuzlanskaamica.ba\/it\/wp-json\/wp\/v2\/media\/2201"}],"wp:attachment":[{"href":"https:\/\/tuzlanskaamica.ba\/it\/wp-json\/wp\/v2\/media?parent=2199"}],"wp:term":[{"taxonomy":"category","embeddable":true,"href":"https:\/\/tuzlanskaamica.ba\/it\/wp-json\/wp\/v2\/categories?post=2199"},{"taxonomy":"post_tag","embeddable":true,"href":"https:\/\/tuzlanskaamica.ba\/it\/wp-json\/wp\/v2\/tags?post=2199"}],"curies":[{"name":"parola chiave","href":"https:\/\/api.w.org\/{rel}","templated":true}]}}