{"id":2204,"date":"2025-12-30T13:25:20","date_gmt":"2025-12-30T12:25:20","guid":{"rendered":"https:\/\/tuzlanskaamica.ba\/?p=2204"},"modified":"2025-12-30T13:25:20","modified_gmt":"2025-12-30T12:25:20","slug":"realizovana-podjela-novogodisnjih-paketica-za-djecu","status":"publish","type":"post","link":"https:\/\/tuzlanskaamica.ba\/it\/realizovana-podjela-novogodisnjih-paketica-za-djecu\/","title":{"rendered":"Completata la distribuzione dei regali di Capodanno per i bambini"},"content":{"rendered":"<p style=\"text-align: justify; background: white;\"><span lang=\"EN-US\" style=\"color: #222222;\">Anche quest&#039;anno, in vista delle festivit\u00e0 di Capodanno, l&#039;Associazione &quot;Tuzlanska Amica&quot; ha allietato i bambini, beneficiari del programma di sostegno offerto dalla nostra Associazione, distribuendo pacchetti regalo di Capodanno. I sorrisi e la gioia dei bambini sono la migliore conferma di quanto queste attivit\u00e0 siano importanti e significative per i nostri pi\u00f9 piccoli.<\/span><\/p>\n<p style=\"text-align: justify; background: white;\"><span lang=\"EN-US\" style=\"color: #222222;\">Vi ringraziamo sinceramente.\u00a0<b>Citt\u00e0 di Tuzla<\/b>\u00a0E\u00a0<b>alla societ\u00e0 Menprom<\/b>\u00a0che hanno reso possibile questa campagna con le loro donazioni di pacchi regalo. Il loro generoso sostegno e la loro umanit\u00e0 hanno rallegrato le festivit\u00e0 natalizie dei bambini e delle loro famiglie, e ci hanno dato ulteriore incoraggiamento a continuare il nostro impegno e il nostro sostegno alla comunit\u00e0.<\/span><\/p>\n<p style=\"text-align: justify; background: white;\"><span lang=\"EN-US\" style=\"color: #222222;\">Grazie per aver costruito insieme una comunit\u00e0 pi\u00f9 bella e umana.<\/span><\/p>\n<div id='gallery-1' class='gallery galleryid-2204 gallery-columns-3 gallery-size-medium'><figure class='gallery-item'>\n\t\t\t<div class='gallery-icon portrait'>\n\t\t\t\t<a href='https:\/\/tuzlanskaamica.ba\/wp-content\/uploads\/2025\/12\/paketici-1-1.jpg'><img fetchpriority=\"high\" decoding=\"async\" width=\"300\" height=\"300\" src=\"https:\/\/tuzlanskaamica.ba\/wp-content\/uploads\/2025\/12\/paketici-1-1-300x300.jpg\" class=\"attachment-medium size-medium\" alt=\"\" srcset=\"https:\/\/tuzlanskaamica.ba\/wp-content\/uploads\/2025\/12\/paketici-1-1-300x300.jpg 300w, https:\/\/tuzlanskaamica.ba\/wp-content\/uploads\/2025\/12\/paketici-1-1-150x150.jpg 150w\" sizes=\"(max-width: 300px) 100vw, 300px\" \/><\/a>\n\t\t\t<\/div><\/figure><figure class='gallery-item'>\n\t\t\t<div class='gallery-icon landscape'>\n\t\t\t\t<a href='https:\/\/tuzlanskaamica.ba\/wp-content\/uploads\/2025\/12\/paketici-5-1-1.jpg'><img decoding=\"async\" width=\"300\" height=\"300\" src=\"https:\/\/tuzlanskaamica.ba\/wp-content\/uploads\/2025\/12\/paketici-5-1-1-300x300.jpg\" class=\"attachment-medium size-medium\" alt=\"\" srcset=\"https:\/\/tuzlanskaamica.ba\/wp-content\/uploads\/2025\/12\/paketici-5-1-1-300x300.jpg 300w, https:\/\/tuzlanskaamica.ba\/wp-content\/uploads\/2025\/12\/paketici-5-1-1-150x150.jpg 150w\" sizes=\"(max-width: 300px) 100vw, 300px\" \/><\/a>\n\t\t\t<\/div><\/figure><figure class='gallery-item'>\n\t\t\t<div class='gallery-icon landscape'>\n\t\t\t\t<a href='https:\/\/tuzlanskaamica.ba\/wp-content\/uploads\/2025\/12\/paketici-6-1.jpg'><img decoding=\"async\" width=\"300\" height=\"300\" src=\"https:\/\/tuzlanskaamica.ba\/wp-content\/uploads\/2025\/12\/paketici-6-1-300x300.jpg\" class=\"attachment-medium size-medium\" alt=\"\" srcset=\"https:\/\/tuzlanskaamica.ba\/wp-content\/uploads\/2025\/12\/paketici-6-1-300x300.jpg 300w, https:\/\/tuzlanskaamica.ba\/wp-content\/uploads\/2025\/12\/paketici-6-1-150x150.jpg 150w\" sizes=\"(max-width: 300px) 100vw, 300px\" \/><\/a>\n\t\t\t<\/div><\/figure>\n\t\t<\/div>","protected":false},"excerpt":{"rendered":"<p>Udru\u017eenje \u201cTuzlanska Amica\u201d je i ove godine, u susret novogodi\u0161njim praznicima, obradovalo djecu &#8211; korisnike programa podr\u0161ke koje pru\u017ea na\u0161e Udru\u017eenje, podjelom novogodi\u0161njih paketi\u0107a. Osmijesi i radost djece najbolja su potvrda koliko su ovakve aktivnosti va\u017ene i koliko zna\u010de na\u0161im najmla\u0111ima. Iskreno zahvaljujemo\u00a0Gradu Tuzla\u00a0i\u00a0kompaniji Menprom\u00a0koji su svojim donacijama paketi\u0107a omogu\u0107ili realizaciju ove akcije.\u00a0Njihova\u00a0velikodu\u0161na podr\u0161ka i [&hellip;]<\/p>","protected":false},"author":1,"featured_media":2207,"comment_status":"closed","ping_status":"closed","sticky":false,"template":"","format":"standard","meta":{"footnotes":""},"categories":[57],"tags":[],"class_list":["post-2204","post","type-post","status-publish","format-standard","has-post-thumbnail","hentry","category-novosti"],"_links":{"self":[{"href":"https:\/\/tuzlanskaamica.ba\/it\/wp-json\/wp\/v2\/posts\/2204","targetHints":{"allow":["GET"]}}],"collection":[{"href":"https:\/\/tuzlanskaamica.ba\/it\/wp-json\/wp\/v2\/posts"}],"about":[{"href":"https:\/\/tuzlanskaamica.ba\/it\/wp-json\/wp\/v2\/types\/post"}],"author":[{"embeddable":true,"href":"https:\/\/tuzlanskaamica.ba\/it\/wp-json\/wp\/v2\/users\/1"}],"replies":[{"embeddable":true,"href":"https:\/\/tuzlanskaamica.ba\/it\/wp-json\/wp\/v2\/comments?post=2204"}],"version-history":[{"count":1,"href":"https:\/\/tuzlanskaamica.ba\/it\/wp-json\/wp\/v2\/posts\/2204\/revisions"}],"predecessor-version":[{"id":2208,"href":"https:\/\/tuzlanskaamica.ba\/it\/wp-json\/wp\/v2\/posts\/2204\/revisions\/2208"}],"wp:featuredmedia":[{"embeddable":true,"href":"https:\/\/tuzlanskaamica.ba\/it\/wp-json\/wp\/v2\/media\/2207"}],"wp:attachment":[{"href":"https:\/\/tuzlanskaamica.ba\/it\/wp-json\/wp\/v2\/media?parent=2204"}],"wp:term":[{"taxonomy":"category","embeddable":true,"href":"https:\/\/tuzlanskaamica.ba\/it\/wp-json\/wp\/v2\/categories?post=2204"},{"taxonomy":"post_tag","embeddable":true,"href":"https:\/\/tuzlanskaamica.ba\/it\/wp-json\/wp\/v2\/tags?post=2204"}],"curies":[{"name":"parola chiave","href":"https:\/\/api.w.org\/{rel}","templated":true}]}}