{"id":2221,"date":"2026-02-03T21:07:14","date_gmt":"2026-02-03T20:07:14","guid":{"rendered":"https:\/\/tuzlanskaamica.ba\/?p=2221"},"modified":"2026-02-03T21:07:14","modified_gmt":"2026-02-03T20:07:14","slug":"snaznija-zajednica-kroz-podrsku-grada-tuzla-uspjesan-zavrsetak-granta-2025","status":"publish","type":"post","link":"https:\/\/tuzlanskaamica.ba\/it\/snaznija-zajednica-kroz-podrsku-grada-tuzla-uspjesan-zavrsetak-granta-2025\/","title":{"rendered":"Una comunit\u00e0 pi\u00f9 forte grazie al sostegno della citt\u00e0 di Tuzla: completamento con successo del Grant 2025."},"content":{"rendered":"<p style=\"text-align: justify;\"><span lang=\"EN-US\">Nel corso del 2025, la Citt\u00e0 di Tuzla ha sostenuto il lavoro della nostra Associazione attraverso un Bando Pubblico per l&#039;assegnazione di risorse finanziarie dal Bilancio della Citt\u00e0 di Tuzla per il 2025 dalla voce &quot;Sovvenzione per organizzazioni non profit - sostegno al lavoro delle associazioni&quot;, per un importo di 4.000 KM.<\/span><\/p>\n<p style=\"text-align: justify;\"><span lang=\"EN-US\">Questo sostegno finanziario \u00e8 stato di fondamentale importanza per il buon funzionamento dell&#039;Associazione e ha consentito la continuit\u00e0 delle nostre attivit\u00e0 volte al supporto psicosociale di bambini, giovani e famiglie, alla prevenzione dell&#039;abbandono scolastico precoce, all&#039;attuazione di programmi educativi e al rafforzamento dell&#039;impegno sociale. Allo stesso tempo, i fondi hanno contribuito a migliorare le condizioni per l&#039;attuazione dei programmi e a rafforzare la cooperazione con la comunit\u00e0 locale.<\/span><\/p>\n<p style=\"text-align: justify;\"><span lang=\"EN-US\">Vorremmo ringraziare la citt\u00e0 di Tuzla per il suo sostegno finanziario e la sua fiducia, nonch\u00e9 per aver riconosciuto l&#039;importanza di finanziamenti stabili per le organizzazioni della societ\u00e0 civile che contribuiscono allo sviluppo della comunit\u00e0, alla solidariet\u00e0 e all&#039;inclusione sociale attraverso le loro attivit\u00e0.<\/span><\/p>","protected":false},"excerpt":{"rendered":"<p>Nel corso del 2025, la citt\u00e0 di Tuzla ha sostenuto l&#039;attivit\u00e0 della nostra Associazione attraverso un bando pubblico per l&#039;assegnazione di risorse finanziarie dal bilancio comunale di Tuzla per il 2025, alla voce &quot;Sovvenzione per organizzazioni non profit - sostegno all&#039;attivit\u00e0 delle associazioni&quot;, per un importo di 4.000 KM. Questo sostegno finanziario \u00e8 stato di fondamentale importanza per il buon funzionamento dell&#039;Associazione e ha permesso [\u2026]<\/p>","protected":false},"author":1,"featured_media":1525,"comment_status":"closed","ping_status":"closed","sticky":false,"template":"","format":"standard","meta":{"footnotes":""},"categories":[57,58],"tags":[],"class_list":["post-2221","post","type-post","status-publish","format-standard","has-post-thumbnail","hentry","category-novosti","category-zavrseni-projekti"],"_links":{"self":[{"href":"https:\/\/tuzlanskaamica.ba\/it\/wp-json\/wp\/v2\/posts\/2221","targetHints":{"allow":["GET"]}}],"collection":[{"href":"https:\/\/tuzlanskaamica.ba\/it\/wp-json\/wp\/v2\/posts"}],"about":[{"href":"https:\/\/tuzlanskaamica.ba\/it\/wp-json\/wp\/v2\/types\/post"}],"author":[{"embeddable":true,"href":"https:\/\/tuzlanskaamica.ba\/it\/wp-json\/wp\/v2\/users\/1"}],"replies":[{"embeddable":true,"href":"https:\/\/tuzlanskaamica.ba\/it\/wp-json\/wp\/v2\/comments?post=2221"}],"version-history":[{"count":1,"href":"https:\/\/tuzlanskaamica.ba\/it\/wp-json\/wp\/v2\/posts\/2221\/revisions"}],"predecessor-version":[{"id":2222,"href":"https:\/\/tuzlanskaamica.ba\/it\/wp-json\/wp\/v2\/posts\/2221\/revisions\/2222"}],"wp:featuredmedia":[{"embeddable":true,"href":"https:\/\/tuzlanskaamica.ba\/it\/wp-json\/wp\/v2\/media\/1525"}],"wp:attachment":[{"href":"https:\/\/tuzlanskaamica.ba\/it\/wp-json\/wp\/v2\/media?parent=2221"}],"wp:term":[{"taxonomy":"category","embeddable":true,"href":"https:\/\/tuzlanskaamica.ba\/it\/wp-json\/wp\/v2\/categories?post=2221"},{"taxonomy":"post_tag","embeddable":true,"href":"https:\/\/tuzlanskaamica.ba\/it\/wp-json\/wp\/v2\/tags?post=2221"}],"curies":[{"name":"parola chiave","href":"https:\/\/api.w.org\/{rel}","templated":true}]}}