{"id":2242,"date":"2026-04-27T15:01:33","date_gmt":"2026-04-27T13:01:33","guid":{"rendered":"https:\/\/tuzlanskaamica.ba\/?p=2242"},"modified":"2026-04-27T15:01:33","modified_gmt":"2026-04-27T13:01:33","slug":"studijska-posjeta-ucenika-i-profesora-klasicne-gimnazije-iz-empolija-italija","status":"publish","type":"post","link":"https:\/\/tuzlanskaamica.ba\/it\/studijska-posjeta-ucenika-i-profesora-klasicne-gimnazije-iz-empolija-italija\/","title":{"rendered":"Visita di studio di studenti e docenti del Ginnasio Classico di Empoli, Italia."},"content":{"rendered":"<p>Ieri abbiamo avuto l&#039;onore di ospitare studenti e docenti del Ginnasio Classico di Empoli, nell&#039;ambito di una visita di studio organizzata in collaborazione con l&#039;ONG Adriatic Greenet, con sede in Italia, che ha coordinato l&#039;arrivo del gruppo.<\/p>\n<p>Attraverso attivit\u00e0 congiunte, abbiamo scambiato esperienze nel lavoro con bambini, giovani e famiglie appartenenti a categorie vulnerabili, e abbiamo ulteriormente approfondito la nostra comprensione dell&#039;importanza della pace, della riconciliazione e della costruzione di una societ\u00e0 sostenibile.<\/p>\n<p>Ringraziamo i nostri ospiti per la partecipazione e non vediamo l&#039;ora di futuri incontri e nuove opportunit\u00e0 di collaborazione.<\/p>\n<div id='gallery-1' class='gallery galleryid-2242 gallery-columns-3 gallery-size-medium'><figure class='gallery-item'>\n\t\t\t<div class='gallery-icon landscape'>\n\t\t\t\t<a href='https:\/\/tuzlanskaamica.ba\/wp-content\/uploads\/2026\/04\/IMG_9084-scaled.jpeg'><img fetchpriority=\"high\" decoding=\"async\" width=\"300\" height=\"300\" src=\"https:\/\/tuzlanskaamica.ba\/wp-content\/uploads\/2026\/04\/IMG_9084-300x300.jpeg\" class=\"attachment-medium size-medium\" alt=\"\" srcset=\"https:\/\/tuzlanskaamica.ba\/wp-content\/uploads\/2026\/04\/IMG_9084-300x300.jpeg 300w, https:\/\/tuzlanskaamica.ba\/wp-content\/uploads\/2026\/04\/IMG_9084-150x150.jpeg 150w\" sizes=\"(max-width: 300px) 100vw, 300px\" \/><\/a>\n\t\t\t<\/div><\/figure><figure class='gallery-item'>\n\t\t\t<div class='gallery-icon landscape'>\n\t\t\t\t<a href='https:\/\/tuzlanskaamica.ba\/wp-content\/uploads\/2026\/04\/IMG_9086-scaled.jpeg'><img decoding=\"async\" width=\"300\" height=\"300\" src=\"https:\/\/tuzlanskaamica.ba\/wp-content\/uploads\/2026\/04\/IMG_9086-300x300.jpeg\" class=\"attachment-medium size-medium\" alt=\"\" srcset=\"https:\/\/tuzlanskaamica.ba\/wp-content\/uploads\/2026\/04\/IMG_9086-300x300.jpeg 300w, https:\/\/tuzlanskaamica.ba\/wp-content\/uploads\/2026\/04\/IMG_9086-150x150.jpeg 150w\" sizes=\"(max-width: 300px) 100vw, 300px\" \/><\/a>\n\t\t\t<\/div><\/figure><figure class='gallery-item'>\n\t\t\t<div class='gallery-icon landscape'>\n\t\t\t\t<a href='https:\/\/tuzlanskaamica.ba\/wp-content\/uploads\/2026\/04\/IMG_9088-1-scaled.jpeg'><img decoding=\"async\" width=\"300\" height=\"300\" src=\"https:\/\/tuzlanskaamica.ba\/wp-content\/uploads\/2026\/04\/IMG_9088-1-300x300.jpeg\" class=\"attachment-medium size-medium\" alt=\"\" srcset=\"https:\/\/tuzlanskaamica.ba\/wp-content\/uploads\/2026\/04\/IMG_9088-1-300x300.jpeg 300w, https:\/\/tuzlanskaamica.ba\/wp-content\/uploads\/2026\/04\/IMG_9088-1-150x150.jpeg 150w\" sizes=\"(max-width: 300px) 100vw, 300px\" \/><\/a>\n\t\t\t<\/div><\/figure>\n\t\t<\/div>","protected":false},"excerpt":{"rendered":"<p>Ju\u010der smo imali \u010dast ugostiti u\u010denike i profesore Klasi\u010dne gimnazije iz Empolija, a u okviru studijske posjete organizovane u saradnji s NGO Adriatic GreeNet, sa sjedi\u0161tem u Italiji, koja je koordinirala dolazak grupe. Kroz zajedni\u010dke aktivnosti razmijenili smo iskustva u radu s djecom, mladima i porodicama iz ranjivih kategorija, te dodatno produbili razumijevanje zna\u010daja mira, [&hellip;]<\/p>","protected":false},"author":1,"featured_media":2244,"comment_status":"closed","ping_status":"closed","sticky":false,"template":"","format":"standard","meta":{"footnotes":""},"categories":[57,64],"tags":[],"class_list":["post-2242","post","type-post","status-publish","format-standard","has-post-thumbnail","hentry","category-novosti","category-posjete"],"_links":{"self":[{"href":"https:\/\/tuzlanskaamica.ba\/it\/wp-json\/wp\/v2\/posts\/2242","targetHints":{"allow":["GET"]}}],"collection":[{"href":"https:\/\/tuzlanskaamica.ba\/it\/wp-json\/wp\/v2\/posts"}],"about":[{"href":"https:\/\/tuzlanskaamica.ba\/it\/wp-json\/wp\/v2\/types\/post"}],"author":[{"embeddable":true,"href":"https:\/\/tuzlanskaamica.ba\/it\/wp-json\/wp\/v2\/users\/1"}],"replies":[{"embeddable":true,"href":"https:\/\/tuzlanskaamica.ba\/it\/wp-json\/wp\/v2\/comments?post=2242"}],"version-history":[{"count":1,"href":"https:\/\/tuzlanskaamica.ba\/it\/wp-json\/wp\/v2\/posts\/2242\/revisions"}],"predecessor-version":[{"id":2246,"href":"https:\/\/tuzlanskaamica.ba\/it\/wp-json\/wp\/v2\/posts\/2242\/revisions\/2246"}],"wp:featuredmedia":[{"embeddable":true,"href":"https:\/\/tuzlanskaamica.ba\/it\/wp-json\/wp\/v2\/media\/2244"}],"wp:attachment":[{"href":"https:\/\/tuzlanskaamica.ba\/it\/wp-json\/wp\/v2\/media?parent=2242"}],"wp:term":[{"taxonomy":"category","embeddable":true,"href":"https:\/\/tuzlanskaamica.ba\/it\/wp-json\/wp\/v2\/categories?post=2242"},{"taxonomy":"post_tag","embeddable":true,"href":"https:\/\/tuzlanskaamica.ba\/it\/wp-json\/wp\/v2\/tags?post=2242"}],"curies":[{"name":"parola chiave","href":"https:\/\/api.w.org\/{rel}","templated":true}]}}